{"id":860,"date":"2016-04-14T08:28:37","date_gmt":"2016-04-14T07:28:37","guid":{"rendered":"http:\/\/www.caminoauceda.es\/?p=860"},"modified":"2016-04-14T20:23:26","modified_gmt":"2016-04-14T19:23:26","slug":"loa-a-la-virgen-de-la-varga","status":"publish","type":"post","link":"https:\/\/www.caminoauceda.es\/?p=860","title":{"rendered":"&#8220;Loa a la Virgen de la Varga&#8221;"},"content":{"rendered":"<p style=\"text-align: justify;\">Buenos d\u00edas a todos, seguramente muchos de vosotros conozc\u00e1is a Lupe Sanz Bueno, entre otras cosas, autora del libro &#8220;Historia de Uceda&#8221;, libro b\u00e1sico para los que, como yo, queremos conocer la historia de la Villa de Uceda. \u00a0Hoy queremos mostraros otro de los trabajos que Lupe ha realizado en relaci\u00f3n con la historia de Uceda, en este caso una labor de investigaci\u00f3n, recuperaci\u00f3n y transcripci\u00f3n\u00a0de uno de los libros que sobre la Virgen de la Varga trata, en este caso una obra de teatro. <!--more-->Pero mejor dejo que sean las propias palabras de Lupe las que lo presenten.<\/p>\n<blockquote>\n<p style=\"text-align: justify;\">LOA A NUESTRA SE\u00d1ORA DE LA VARGA DE LA VILLA DE UCEDA es la trascripci\u00f3n de un texto teatral del siglo XVII que estuvo en el archivo del duque de Uceda, pasando posteriormente al archivo de Osuna d\u00f3nde fue catalogado como auto sacramental. Yo he tenido la suerte de encontrarlo en la Biblioteca Nacional y transcribirlo para los ucedanos del siglo XXI y tambi\u00e9n para engrosar el cat\u00e1logo de representaciones religiosas que abundan en nuestra provincia.<\/p>\n<p style=\"text-align: justify;\">El autor es an\u00f3nimo pero de la lectura del texto se deduce que era una persona culta, tal vez del entorno del duque de Uceda o del clero de la Villa.<\/p>\n<p style=\"text-align: justify;\">En cuanto al texto, como se puede apreciar despu\u00e9s de su lectura, no es un auto sacramental, se trata de una loa, una alabanza, a la Virgen de la Varga, relatando alguno de sus milagros y su ocultaci\u00f3n en la muralla para protegerla durante la invasi\u00f3n sarracena.<\/p>\n<p style=\"text-align: justify;\">Est\u00e1 escrito en verso y en un lenguaje barroco lleno de met\u00e1foras, alusiones a la mitolog\u00eda a la historia y a los textos b\u00edblicos.<\/p>\n<p style=\"text-align: justify;\">La trama se inicia con un di\u00e1logo entre Don Pedro y Do\u00f1a Juana, un matrimonio de hidalgos, con galanteos y alguna escena de celos. A continuaci\u00f3n sale Escobar, criado de los anteriores, anunci\u00e1ndoles que los moros est\u00e1n atacando la muralla de Uceda. Don Pedro marcha a defender la Villa.<\/p>\n<p style=\"text-align: justify;\">Entra en escena Jarfe, el capit\u00e1n de los moros que se lleva presa a Do\u00f1a Juana. Le acompa\u00f1a La Secta de Mahoma, \u201cvestida de sultana\u201d dice el texto, que representa al Islam y toda su oposici\u00f3n y odio al cristianismo. Tiene un largo mon\u00f3logo en el que arremete contra la Virgen de la Varga. Aparece el Sacrist\u00e1n llevando la imagen de la Virgen para esconderla y salvarla de los moros. Lo hace colocando una luz en un nicho y al pedir ayuda para cerrarlo se ofrece La Secta quien, al marcharse el Sacrist\u00e1n, se queda con la Virgen.<\/p>\n<p style=\"text-align: justify;\">Pedro y Marina, un matrimonio de hortelanos, entran en la siguiente escena. Se gastan bromas y hablan de cosas de su huerta y de la devoci\u00f3n a la Virgen.<\/p>\n<p style=\"text-align: justify;\">Los r\u00edos Lozoya y Jarama, que aparecen como esposos, inician un di\u00e1logo describiendo sus frondosas riberas hasta que aparece la Secta, vestida ahora toda de negro representando el mal.<\/p>\n<p style=\"text-align: justify;\">De nuevo entran Pedro y Marina que asisten a la conversaci\u00f3n de los r\u00edos y la Secta. Al final invocan al r\u00edo Henares como \u00c1ngel Custodio.<\/p>\n<p style=\"text-align: justify;\">Sale Henares y vuelve Pedro diciendo que ha aparecido la Virgen que estuvo 500 a\u00f1os escondida. Desde dentro de la iglesia se oye a una leprosa y a un mudo que milagrosamente curan de sus males. Estos hechos causan ira a la Secta que finalmente es sometida y al o\u00edr los rezos en la iglesia se esfuma echando fuego. La obra termina sacando a la Virgen en procesi\u00f3n con m\u00fasica y cantos.<\/p>\n<p style=\"text-align: justify;\">Seguramente no veremos nunca representada esta obra pero el haber recuperado el texto puede ayudar a los investigadores del teatro religioso en nuestra provincia; por ellos y por vosotros los ucedanos he dedicado bastantes d\u00edas de mi tiempo a hacer esta trascripci\u00f3n que como pod\u00e9is comprobar por las copias que os muestro no ha sido nada f\u00e1cil.<\/p>\n<\/blockquote>\n<p style=\"text-align: justify;\">A continuaci\u00f3n os dejamos el enlace al texto una vez transcrito para que todos aquellos que lo dese\u00e9is lo pod\u00e1is leer, y queremos agradecer a Lupe el poner a nuestra disposici\u00f3n este gran trabajo realizado para que todos pod\u00e1is tambi\u00e9n tenerlo.<\/p>\n<p style=\"text-align: center;\"><a title=\"Loa a la Virgen de la Varga\" href=\"http:\/\/www.caminoauceda.es\/ucedablog\/wp-content\/uploads\/2016\/03\/Loa-a-la-Virgen-de-la-Varga.pdf\" target=\"_blank\">Abrir documento<\/a><\/p>\n<p style=\"text-align: justify;\">Aprovechamos para comentar que en unos d\u00edas pondremos a vuestra disposici\u00f3n un segundo documento transcrito por Lupe Sanz, <strong>&#8220;Tratado segundo de las inmumerables maravillas y estupendos milagros de Ntra. Sacrosanta imagen de la Virgen de la Varga&#8221;<\/strong>, escrito por el licenciado Bernardo Matheos.<\/p>\n<p style=\"text-align: justify;\">Y tambi\u00e9n a\u00f1adir que en breve Lupe pondr\u00e1 a la venta una revisi\u00f3n de su libro &#8220;Historia de Uceda&#8221;, de la cual avisaremos convenientemente por si estuvierais interesados en adquirirlo, y desde aqu\u00ed, si se nos permite, os animamos a hacerlo, es un gran trabajo de estudio e investigaci\u00f3n sobre la historia de Uceda, como muchos habr\u00e9is comprobado si hab\u00e9is le\u00eddo la primera edici\u00f3n, y que ha sido revisada y ampliada.<\/p>\n","protected":false},"excerpt":{"rendered":"<p>Buenos d\u00edas a todos, seguramente muchos de vosotros conozc\u00e1is a Lupe Sanz Bueno, entre otras cosas, autora del libro &#8220;Historia de Uceda&#8221;, libro b\u00e1sico para los que, como yo, queremos conocer la historia de la Villa de Uceda. \u00a0Hoy queremos mostraros otro de los trabajos que Lupe ha realizado en relaci\u00f3n con la historia de [&hellip;]<\/p>\n","protected":false},"author":1,"featured_media":872,"comment_status":"open","ping_status":"open","sticky":false,"template":"","format":"standard","meta":{"jetpack_post_was_ever_published":false,"_jetpack_newsletter_access":"","_jetpack_dont_email_post_to_subs":false,"_jetpack_newsletter_tier_id":0,"_jetpack_memberships_contains_paywalled_content":false,"_jetpack_memberships_contains_paid_content":false,"footnotes":"","jetpack_publicize_message":"","jetpack_publicize_feature_enabled":true,"jetpack_social_post_already_shared":true,"jetpack_social_options":{"image_generator_settings":{"template":"highway","enabled":false},"version":2}},"categories":[21,31],"tags":[36,18],"class_list":["post-860","post","type-post","status-publish","format-standard","has-post-thumbnail","hentry","category-curiosidades","category-libros","tag-libros","tag-virgen-de-la-varga"],"jetpack_publicize_connections":[],"jetpack_featured_media_url":"https:\/\/www.caminoauceda.es\/ucedablog\/wp-content\/uploads\/2016\/04\/loa_cab.png","jetpack_sharing_enabled":true,"jetpack_shortlink":"https:\/\/wp.me\/pbLHLN-dS","jetpack-related-posts":[],"jetpack_likes_enabled":true,"_links":{"self":[{"href":"https:\/\/www.caminoauceda.es\/index.php?rest_route=\/wp\/v2\/posts\/860"}],"collection":[{"href":"https:\/\/www.caminoauceda.es\/index.php?rest_route=\/wp\/v2\/posts"}],"about":[{"href":"https:\/\/www.caminoauceda.es\/index.php?rest_route=\/wp\/v2\/types\/post"}],"author":[{"embeddable":true,"href":"https:\/\/www.caminoauceda.es\/index.php?rest_route=\/wp\/v2\/users\/1"}],"replies":[{"embeddable":true,"href":"https:\/\/www.caminoauceda.es\/index.php?rest_route=%2Fwp%2Fv2%2Fcomments&post=860"}],"version-history":[{"count":9,"href":"https:\/\/www.caminoauceda.es\/index.php?rest_route=\/wp\/v2\/posts\/860\/revisions"}],"predecessor-version":[{"id":871,"href":"https:\/\/www.caminoauceda.es\/index.php?rest_route=\/wp\/v2\/posts\/860\/revisions\/871"}],"wp:featuredmedia":[{"embeddable":true,"href":"https:\/\/www.caminoauceda.es\/index.php?rest_route=\/wp\/v2\/media\/872"}],"wp:attachment":[{"href":"https:\/\/www.caminoauceda.es\/index.php?rest_route=%2Fwp%2Fv2%2Fmedia&parent=860"}],"wp:term":[{"taxonomy":"category","embeddable":true,"href":"https:\/\/www.caminoauceda.es\/index.php?rest_route=%2Fwp%2Fv2%2Fcategories&post=860"},{"taxonomy":"post_tag","embeddable":true,"href":"https:\/\/www.caminoauceda.es\/index.php?rest_route=%2Fwp%2Fv2%2Ftags&post=860"}],"curies":[{"name":"wp","href":"https:\/\/api.w.org\/{rel}","templated":true}]}}