{"id":595,"date":"2014-05-16T19:31:18","date_gmt":"2014-05-16T18:31:18","guid":{"rendered":"http:\/\/www.caminoauceda.es\/?p=595"},"modified":"2014-05-16T20:32:21","modified_gmt":"2014-05-16T19:32:21","slug":"el-grabado-de-na-sa-de-la-varga","status":"publish","type":"post","link":"http:\/\/www.caminoauceda.es\/?p=595","title":{"rendered":"El grabado de N\u00aa S\u00aa la Virgen de la Varga"},"content":{"rendered":"<p style=\"text-align: justify;\">Hoy quiero hablar un poco sobre uno de esos cuadros que desde muy peque\u00f1o llevo contemplando en casa de mis padres y anteriormente en la de mis abuelos, y acaba tornandose como un elemento m\u00e1s dentro del mobiliario de las mismas, a los cuales muchas veces no les prestamos la debida atenci\u00f3n.<!--more--><\/p>\n<p style=\"text-align: justify;\">Hablo del grabado existente de N\u00aa S\u00aa de la Varga, el cual, como digo, llevo contemplando reproducciones del mismo desde peque\u00f1o, y he decidido buscar algo m\u00e1s sobre el, que creo merece la pena. Disculpad la calidad de las fotograf\u00edas, pero han sido tomadas directamente de una reproducci\u00f3n del grabado, puede que alg\u00fan d\u00eda las pueda mejorar.<\/p>\n<p style=\"text-align: center;\"><img loading=\"lazy\" decoding=\"async\" data-attachment-id=\"606\" data-permalink=\"http:\/\/www.caminoauceda.es\/?attachment_id=606\" data-orig-file=\"http:\/\/www.caminoauceda.es\/ucedablog\/wp-content\/uploads\/2014\/05\/grabadovarga.jpg\" data-orig-size=\"800,1480\" data-comments-opened=\"1\" data-image-meta=\"{&quot;aperture&quot;:&quot;0&quot;,&quot;credit&quot;:&quot;&quot;,&quot;camera&quot;:&quot;&quot;,&quot;caption&quot;:&quot;&quot;,&quot;created_timestamp&quot;:&quot;0&quot;,&quot;copyright&quot;:&quot;&quot;,&quot;focal_length&quot;:&quot;0&quot;,&quot;iso&quot;:&quot;0&quot;,&quot;shutter_speed&quot;:&quot;0&quot;,&quot;title&quot;:&quot;&quot;}\" data-image-title=\"Grabado de la Virgen de la Varga\" data-image-description=\"&lt;p&gt;Grabado de la Virgen de la Varga&lt;\/p&gt;\n\" data-image-caption=\"&lt;p&gt;Grabado de la Virgen de la Varga&lt;\/p&gt;\n\" data-medium-file=\"http:\/\/www.caminoauceda.es\/ucedablog\/wp-content\/uploads\/2014\/05\/grabadovarga-162x300.jpg\" data-large-file=\"http:\/\/www.caminoauceda.es\/ucedablog\/wp-content\/uploads\/2014\/05\/grabadovarga-553x1024.jpg\" tabindex=\"0\" role=\"button\" class=\" wp-image-606  aligncenter\" title=\"Grabado de la Virgen de la Varga\" alt=\"Grabado de la Virgen de la Varga\" src=\"http:\/\/www.caminoauceda.es\/ucedablog\/wp-content\/uploads\/2014\/05\/grabadovarga.jpg\" width=\"720\" height=\"1332\" srcset=\"http:\/\/www.caminoauceda.es\/ucedablog\/wp-content\/uploads\/2014\/05\/grabadovarga.jpg 800w, http:\/\/www.caminoauceda.es\/ucedablog\/wp-content\/uploads\/2014\/05\/grabadovarga-162x300.jpg 162w, http:\/\/www.caminoauceda.es\/ucedablog\/wp-content\/uploads\/2014\/05\/grabadovarga-553x1024.jpg 553w, http:\/\/www.caminoauceda.es\/ucedablog\/wp-content\/uploads\/2014\/05\/grabadovarga-124x230.jpg 124w\" sizes=\"(max-width: 720px) 100vw, 720px\" \/><\/p>\n<p style=\"text-align: justify;\">El grabado original se encuentra en la Biblioteca Nacional de Espa\u00f1a, al mismo solo pueden acceder investigadores, pero si se puede contemplar la reproducci\u00f3n en microforma si se tiene el carnet de la biblioteca.<\/p>\n<p style=\"text-align: justify;\">Seg\u00fan la ficha de la biblioteca este grabado est\u00e1 catalogado bajo el nombre &#8220;Virgen de la Barga&#8221; y como \u00a0autor consta Alfonso Bergaz.<\/p>\n<div id=\"attachment_621\" style=\"width: 744px\" class=\"wp-caption aligncenter\"><a href=\"http:\/\/www.caminoauceda.es\/ucedablog\/wp-content\/uploads\/2014\/05\/fichavirgen.png\"><img loading=\"lazy\" decoding=\"async\" aria-describedby=\"caption-attachment-621\" data-attachment-id=\"621\" data-permalink=\"http:\/\/www.caminoauceda.es\/?attachment_id=621\" data-orig-file=\"http:\/\/www.caminoauceda.es\/ucedablog\/wp-content\/uploads\/2014\/05\/fichavirgen.png\" data-orig-size=\"918,328\" data-comments-opened=\"1\" data-image-meta=\"{&quot;aperture&quot;:&quot;0&quot;,&quot;credit&quot;:&quot;&quot;,&quot;camera&quot;:&quot;&quot;,&quot;caption&quot;:&quot;&quot;,&quot;created_timestamp&quot;:&quot;0&quot;,&quot;copyright&quot;:&quot;&quot;,&quot;focal_length&quot;:&quot;0&quot;,&quot;iso&quot;:&quot;0&quot;,&quot;shutter_speed&quot;:&quot;0&quot;,&quot;title&quot;:&quot;&quot;}\" data-image-title=\"Ficha de la Biblioteca Nacional de Espa\u00f1a\" data-image-description=\"&lt;p&gt;Ficha de la Biblioteca Nacional de Espa\u00f1a&lt;\/p&gt;\n\" data-image-caption=\"&lt;p&gt;Ficha de la Biblioteca Nacional de Espa\u00f1a&lt;\/p&gt;\n\" data-medium-file=\"http:\/\/www.caminoauceda.es\/ucedablog\/wp-content\/uploads\/2014\/05\/fichavirgen-300x107.png\" data-large-file=\"http:\/\/www.caminoauceda.es\/ucedablog\/wp-content\/uploads\/2014\/05\/fichavirgen.png\" tabindex=\"0\" role=\"button\" class=\" wp-image-621 \" title=\"Ficha de la Biblioteca Nacional de Espa\u00f1a\" alt=\"Ficha de la Biblioteca Nacional de Espa\u00f1a\" src=\"http:\/\/www.caminoauceda.es\/ucedablog\/wp-content\/uploads\/2014\/05\/fichavirgen.png\" width=\"734\" height=\"262\" srcset=\"http:\/\/www.caminoauceda.es\/ucedablog\/wp-content\/uploads\/2014\/05\/fichavirgen.png 918w, http:\/\/www.caminoauceda.es\/ucedablog\/wp-content\/uploads\/2014\/05\/fichavirgen-300x107.png 300w, http:\/\/www.caminoauceda.es\/ucedablog\/wp-content\/uploads\/2014\/05\/fichavirgen-540x192.png 540w\" sizes=\"(max-width: 734px) 100vw, 734px\" \/><\/a><p id=\"caption-attachment-621\" class=\"wp-caption-text\">Ficha de la Biblioteca Nacional de Espa\u00f1a<\/p><\/div>\n<p style=\"text-align: justify;\">Contemplando el grabado podemos ver representada a la Virgen de la Varga en el altar, a su izquierda est\u00e1 representada la lampara que, seg\u00fan cuenta la leyenda, estuvo encendida mientras la imagen de la Virgen permaneci\u00f3 oculta.<\/p>\n<table style=\"border: none; background: transparent;\" cellspacing=\"3\" cellpadding=\"3\" align=\"center\">\n<tbody>\n<tr>\n<td style=\"vertical-align: middle; width: 50%; text-align: right; border: none; background: transparent;\">\n<p><div id=\"attachment_613\" style=\"width: 168px\" class=\"wp-caption aligncenter\"><img loading=\"lazy\" decoding=\"async\" aria-describedby=\"caption-attachment-613\" data-attachment-id=\"613\" data-permalink=\"http:\/\/www.caminoauceda.es\/?attachment_id=613\" data-orig-file=\"http:\/\/www.caminoauceda.es\/ucedablog\/wp-content\/uploads\/2014\/05\/grabadovargalampara.jpg\" data-orig-size=\"158,330\" data-comments-opened=\"1\" data-image-meta=\"{&quot;aperture&quot;:&quot;0&quot;,&quot;credit&quot;:&quot;&quot;,&quot;camera&quot;:&quot;&quot;,&quot;caption&quot;:&quot;&quot;,&quot;created_timestamp&quot;:&quot;0&quot;,&quot;copyright&quot;:&quot;&quot;,&quot;focal_length&quot;:&quot;0&quot;,&quot;iso&quot;:&quot;0&quot;,&quot;shutter_speed&quot;:&quot;0&quot;,&quot;title&quot;:&quot;&quot;}\" data-image-title=\"Detalle de la lamparilla\" data-image-description=\"&lt;p&gt;Detalle de la lamparilla&lt;\/p&gt;\n\" data-image-caption=\"&lt;p&gt;Detalle de la lamparilla&lt;\/p&gt;\n\" data-medium-file=\"http:\/\/www.caminoauceda.es\/ucedablog\/wp-content\/uploads\/2014\/05\/grabadovargalampara-143x300.jpg\" data-large-file=\"http:\/\/www.caminoauceda.es\/ucedablog\/wp-content\/uploads\/2014\/05\/grabadovargalampara.jpg\" tabindex=\"0\" role=\"button\" class=\"size-full wp-image-613  \" title=\"Detalle de la lamparilla\" alt=\"Detalle de la lamparilla\" src=\"http:\/\/www.caminoauceda.es\/ucedablog\/wp-content\/uploads\/2014\/05\/grabadovargalampara.jpg\" width=\"158\" height=\"330\" srcset=\"http:\/\/www.caminoauceda.es\/ucedablog\/wp-content\/uploads\/2014\/05\/grabadovargalampara.jpg 158w, http:\/\/www.caminoauceda.es\/ucedablog\/wp-content\/uploads\/2014\/05\/grabadovargalampara-143x300.jpg 143w, http:\/\/www.caminoauceda.es\/ucedablog\/wp-content\/uploads\/2014\/05\/grabadovargalampara-110x230.jpg 110w\" sizes=\"(max-width: 158px) 100vw, 158px\" \/><p id=\"caption-attachment-613\" class=\"wp-caption-text\">Detalle de la lamparilla<\/p><\/div><\/td>\n<td style=\"vertical-align: bottom; width: 60%; text-align: left; border: none; background: transparent;\">\n<p><div id=\"attachment_614\" style=\"width: 402px\" class=\"wp-caption aligncenter\"><img loading=\"lazy\" decoding=\"async\" aria-describedby=\"caption-attachment-614\" data-attachment-id=\"614\" data-permalink=\"http:\/\/www.caminoauceda.es\/?attachment_id=614\" data-orig-file=\"http:\/\/www.caminoauceda.es\/ucedablog\/wp-content\/uploads\/2014\/05\/grabadovargavarga.jpg\" data-orig-size=\"560,1090\" data-comments-opened=\"1\" data-image-meta=\"{&quot;aperture&quot;:&quot;0&quot;,&quot;credit&quot;:&quot;&quot;,&quot;camera&quot;:&quot;&quot;,&quot;caption&quot;:&quot;&quot;,&quot;created_timestamp&quot;:&quot;0&quot;,&quot;copyright&quot;:&quot;&quot;,&quot;focal_length&quot;:&quot;0&quot;,&quot;iso&quot;:&quot;0&quot;,&quot;shutter_speed&quot;:&quot;0&quot;,&quot;title&quot;:&quot;&quot;}\" data-image-title=\"Detalle de la Virgen de la Varga\" data-image-description=\"&lt;p&gt;Detalle de la Virgen de la Varga&lt;\/p&gt;\n\" data-image-caption=\"&lt;p&gt;Detalle de la Virgen de la Varga&lt;\/p&gt;\n\" data-medium-file=\"http:\/\/www.caminoauceda.es\/ucedablog\/wp-content\/uploads\/2014\/05\/grabadovargavarga-154x300.jpg\" data-large-file=\"http:\/\/www.caminoauceda.es\/ucedablog\/wp-content\/uploads\/2014\/05\/grabadovargavarga-526x1024.jpg\" tabindex=\"0\" role=\"button\" class=\" wp-image-614    \" title=\"Detalle de la Virgen de la Varga\" alt=\"Detalle de la Virgen de la Varga\" src=\"http:\/\/www.caminoauceda.es\/ucedablog\/wp-content\/uploads\/2014\/05\/grabadovargavarga.jpg\" width=\"392\" height=\"763\" srcset=\"http:\/\/www.caminoauceda.es\/ucedablog\/wp-content\/uploads\/2014\/05\/grabadovargavarga.jpg 560w, http:\/\/www.caminoauceda.es\/ucedablog\/wp-content\/uploads\/2014\/05\/grabadovargavarga-154x300.jpg 154w, http:\/\/www.caminoauceda.es\/ucedablog\/wp-content\/uploads\/2014\/05\/grabadovargavarga-526x1024.jpg 526w, http:\/\/www.caminoauceda.es\/ucedablog\/wp-content\/uploads\/2014\/05\/grabadovargavarga-118x230.jpg 118w\" sizes=\"(max-width: 392px) 100vw, 392px\" \/><p id=\"caption-attachment-614\" class=\"wp-caption-text\">Detalle de la Virgen de la Varga<\/p><\/div><\/td>\n<\/tr>\n<\/tbody>\n<\/table>\n<p style=\"text-align: justify;\">Luego podemos contemplar la imagen de San Isidro Labrador (a la derecha de la Virgen) y la imagen de San Jos\u00e9 (a la izquierda de la Virgen).<\/p>\n<table style=\"border: none; background: transparent;\" cellspacing=\"20\" cellpadding=\"3\" align=\"center\">\n<tbody>\n<tr>\n<td style=\"vertical-align: bottom; width: 50%; text-align: left; border: none; background: transparent;\">\n<p><div id=\"attachment_612\" style=\"width: 240px\" class=\"wp-caption aligncenter\"><img loading=\"lazy\" decoding=\"async\" aria-describedby=\"caption-attachment-612\" data-attachment-id=\"612\" data-permalink=\"http:\/\/www.caminoauceda.es\/?attachment_id=612\" data-orig-file=\"http:\/\/www.caminoauceda.es\/ucedablog\/wp-content\/uploads\/2014\/05\/grabadovargajose.jpg\" data-orig-size=\"230,470\" data-comments-opened=\"1\" data-image-meta=\"{&quot;aperture&quot;:&quot;0&quot;,&quot;credit&quot;:&quot;&quot;,&quot;camera&quot;:&quot;&quot;,&quot;caption&quot;:&quot;&quot;,&quot;created_timestamp&quot;:&quot;0&quot;,&quot;copyright&quot;:&quot;&quot;,&quot;focal_length&quot;:&quot;0&quot;,&quot;iso&quot;:&quot;0&quot;,&quot;shutter_speed&quot;:&quot;0&quot;,&quot;title&quot;:&quot;&quot;}\" data-image-title=\"grabadovargajose\" data-image-description=\"\" data-image-caption=\"\" data-medium-file=\"http:\/\/www.caminoauceda.es\/ucedablog\/wp-content\/uploads\/2014\/05\/grabadovargajose-146x300.jpg\" data-large-file=\"http:\/\/www.caminoauceda.es\/ucedablog\/wp-content\/uploads\/2014\/05\/grabadovargajose.jpg\" tabindex=\"0\" role=\"button\" class=\"size-full wp-image-612  \" title=\"Detalle de San Jos\u00e9\" alt=\"Detalle de San Jos\u00e9\" src=\"http:\/\/www.caminoauceda.es\/ucedablog\/wp-content\/uploads\/2014\/05\/grabadovargajose.jpg\" width=\"230\" height=\"470\" srcset=\"http:\/\/www.caminoauceda.es\/ucedablog\/wp-content\/uploads\/2014\/05\/grabadovargajose.jpg 230w, http:\/\/www.caminoauceda.es\/ucedablog\/wp-content\/uploads\/2014\/05\/grabadovargajose-112x230.jpg 112w\" sizes=\"(max-width: 230px) 100vw, 230px\" \/><p id=\"caption-attachment-612\" class=\"wp-caption-text\">Detalle de San Jos\u00e9<\/p><\/div><\/td>\n<td style=\"vertical-align: bottom; width: 50%; text-align: right; border: none; background: transparent;\">\n<p><div id=\"attachment_611\" style=\"width: 240px\" class=\"wp-caption aligncenter\"><img loading=\"lazy\" decoding=\"async\" aria-describedby=\"caption-attachment-611\" data-attachment-id=\"611\" data-permalink=\"http:\/\/www.caminoauceda.es\/?attachment_id=611\" data-orig-file=\"http:\/\/www.caminoauceda.es\/ucedablog\/wp-content\/uploads\/2014\/05\/grabadovargaisidro.jpg\" data-orig-size=\"230,470\" data-comments-opened=\"1\" data-image-meta=\"{&quot;aperture&quot;:&quot;0&quot;,&quot;credit&quot;:&quot;&quot;,&quot;camera&quot;:&quot;&quot;,&quot;caption&quot;:&quot;&quot;,&quot;created_timestamp&quot;:&quot;0&quot;,&quot;copyright&quot;:&quot;&quot;,&quot;focal_length&quot;:&quot;0&quot;,&quot;iso&quot;:&quot;0&quot;,&quot;shutter_speed&quot;:&quot;0&quot;,&quot;title&quot;:&quot;&quot;}\" data-image-title=\"grabadovargaisidro\" data-image-description=\"\" data-image-caption=\"\" data-medium-file=\"http:\/\/www.caminoauceda.es\/ucedablog\/wp-content\/uploads\/2014\/05\/grabadovargaisidro-146x300.jpg\" data-large-file=\"http:\/\/www.caminoauceda.es\/ucedablog\/wp-content\/uploads\/2014\/05\/grabadovargaisidro.jpg\" tabindex=\"0\" role=\"button\" class=\"size-full wp-image-611  \" title=\"Detalle de San Isidro\" alt=\"Detalle de San Isidro\" src=\"http:\/\/www.caminoauceda.es\/ucedablog\/wp-content\/uploads\/2014\/05\/grabadovargaisidro.jpg\" width=\"230\" height=\"470\" srcset=\"http:\/\/www.caminoauceda.es\/ucedablog\/wp-content\/uploads\/2014\/05\/grabadovargaisidro.jpg 230w, http:\/\/www.caminoauceda.es\/ucedablog\/wp-content\/uploads\/2014\/05\/grabadovargaisidro-112x230.jpg 112w\" sizes=\"(max-width: 230px) 100vw, 230px\" \/><p id=\"caption-attachment-611\" class=\"wp-caption-text\">Detalle de San Isidro<\/p><\/div><\/td>\n<\/tr>\n<\/tbody>\n<\/table>\n<p style=\"text-align: justify;\">Hoy en d\u00eda, podemos encontrar en la Iglesia de Nuestra Se\u00f1ora de la Varga a ambos lados de la imagen de la Virgen de la Varga las im\u00e1genes de San Isidro Labrador (a la derecha) \u00a0y de Santa Mar\u00eda de la Cabeza (a la izquierda) (en cuanto pueda, pongo una foto para comparar).<\/p>\n<p style=\"text-align: justify;\">\u00a0Como pie del grabado podemos leer la siguiente leyenda:<\/p>\n<blockquote>\n<p style=\"text-align: center;\">Retrato de N.\u00aa S.\u00aa de la Barga, seg\u00fan se venera en su nuevo templo de la villa de Vceda. Esta\u00a0Imagen estub\u00f3 oculta 800. a\u00f1os en el hueco de una muralla con la misma lamparilla que hoy tiene, sin apagarse en todo aquel tiempo. Estan concedidas muchas indulgencias a los que rezaren\u00a0una salve de rodillas delante de esta S.<sup>ta<\/sup> Imagen, \u00f3 la tragesen consigo.<\/p>\n<\/blockquote>\n<p style=\"text-align: justify;\">Y finalmente podemos encontrar una referencia sobre este grabado en el libro &#8220;Cat\u00e1logo Monumental de Guadalajara&#8221; de\u00a0don\u00a0Juan Catalina Garc\u00eda L\u00f3pez, historiador y cronista oficial de la provincia de Guadalajara:<\/p>\n<p style=\"text-align: center;\"><img loading=\"lazy\" decoding=\"async\" data-attachment-id=\"623\" data-permalink=\"http:\/\/www.caminoauceda.es\/?attachment_id=623\" data-orig-file=\"http:\/\/www.caminoauceda.es\/ucedablog\/wp-content\/uploads\/2014\/05\/grabadoprecio.jpg\" data-orig-size=\"1000,1096\" data-comments-opened=\"1\" data-image-meta=\"{&quot;aperture&quot;:&quot;0&quot;,&quot;credit&quot;:&quot;&quot;,&quot;camera&quot;:&quot;&quot;,&quot;caption&quot;:&quot;&quot;,&quot;created_timestamp&quot;:&quot;0&quot;,&quot;copyright&quot;:&quot;&quot;,&quot;focal_length&quot;:&quot;0&quot;,&quot;iso&quot;:&quot;0&quot;,&quot;shutter_speed&quot;:&quot;0&quot;,&quot;title&quot;:&quot;&quot;}\" data-image-title=\"Catalogo Munumental Fragmento\" data-image-description=\"&lt;p&gt;Catalogo Munumental Fragmento&lt;\/p&gt;\n\" data-image-caption=\"&lt;p&gt;Catalogo Munumental Fragmento&lt;\/p&gt;\n\" data-medium-file=\"http:\/\/www.caminoauceda.es\/ucedablog\/wp-content\/uploads\/2014\/05\/grabadoprecio-273x300.jpg\" data-large-file=\"http:\/\/www.caminoauceda.es\/ucedablog\/wp-content\/uploads\/2014\/05\/grabadoprecio-934x1024.jpg\" tabindex=\"0\" role=\"button\" class=\" wp-image-623  aligncenter\" title=\"Fragmento del Cat\u00e1logo Monumental de Guadalajara de don Juan Catalina Garc\u00eda L\u00f3pez\" alt=\"Fragmento del Cat\u00e1logo Monumental de Guadalajara de don Juan Catalina Garc\u00eda L\u00f3pez\" src=\"http:\/\/www.caminoauceda.es\/ucedablog\/wp-content\/uploads\/2014\/05\/grabadoprecio.jpg\" width=\"700\" height=\"767\" srcset=\"http:\/\/www.caminoauceda.es\/ucedablog\/wp-content\/uploads\/2014\/05\/grabadoprecio.jpg 1000w, http:\/\/www.caminoauceda.es\/ucedablog\/wp-content\/uploads\/2014\/05\/grabadoprecio-273x300.jpg 273w, http:\/\/www.caminoauceda.es\/ucedablog\/wp-content\/uploads\/2014\/05\/grabadoprecio-934x1024.jpg 934w, http:\/\/www.caminoauceda.es\/ucedablog\/wp-content\/uploads\/2014\/05\/grabadoprecio-209x230.jpg 209w\" sizes=\"(max-width: 700px) 100vw, 700px\" \/><\/p>\n<blockquote>\n<p style=\"text-align: justify;\">(7) Algunas de estas pinturas (de la iglesia) son del pincel de D. Antonio Ponz, autor del conocido Viaje por Espa\u00f1a, pero en esos cuadros de no afortunada composici\u00f3n y de color desabrido, se advierte que el erudito viajero y critico era un artista mediano. En los libros de cuenta de la iglesia se anota el pago de 1720 reales a Ponz, maestro pintor de Madrid, por los cuadros de S. Juan y Santiago.<\/p>\n<p style=\"text-align: justify;\">En los mismos libros, he visto la cuenta de lo que cost\u00f3 la l\u00e1mina &#8220;nueva&#8221; de N.\u00aa S.\u00aa de la Varga y que es como sigue:<\/p>\n<p>Por alinear la l\u00e1mina&#8230;&#8230;&#8230;&#8230;&#8230;&#8230;&#8230;&#8230;&#8230;&#8230;&#8230;&#8230;&#8230;360 reales<br \/>\nPor la plancha de cobre&#8230;&#8230;&#8230;&#8230;&#8230;&#8230;&#8230;&#8230;&#8230;&#8230;&#8230;..120. \u00a0&#8221;<br \/>\nPor abrir la l\u00e1mina D. Alfonso Bergar&#8230;&#8230;.1.000. &#8221;<br \/>\nPor doce manos de papel&#8230;&#8230;&#8230;&#8230;&#8230;&#8230;&#8230;&#8230;&#8230;&#8230;..133. &#8221;<br \/>\nPor estampar las 600 estampas&#8230;&#8230;&#8230;&#8230;&#8230;&#8230;&#8230;108. &#8220;<\/p><\/blockquote>\n","protected":false},"excerpt":{"rendered":"<p>Hoy quiero hablar un poco sobre uno de esos cuadros que desde muy peque\u00f1o llevo contemplando en casa de mis padres y anteriormente en la de mis abuelos, y acaba tornandose como un elemento m\u00e1s dentro del mobiliario de las mismas, a los cuales muchas veces no les prestamos la debida atenci\u00f3n.<\/p>\n","protected":false},"author":1,"featured_media":631,"comment_status":"open","ping_status":"open","sticky":false,"template":"","format":"standard","meta":{"jetpack_post_was_ever_published":false,"_jetpack_newsletter_access":"","_jetpack_dont_email_post_to_subs":false,"_jetpack_newsletter_tier_id":0,"_jetpack_memberships_contains_paywalled_content":false,"_jetpack_memberships_contains_paid_content":false,"footnotes":"","jetpack_publicize_message":"","jetpack_publicize_feature_enabled":true,"jetpack_social_post_already_shared":true,"jetpack_social_options":{"image_generator_settings":{"template":"highway","enabled":false},"version":2}},"categories":[21,3],"tags":[10,12,18],"class_list":["post-595","post","type-post","status-publish","format-standard","has-post-thumbnail","hentry","category-curiosidades","category-historia","tag-iglesia-nuestra-senora-de-la-varga","tag-san-isidro","tag-virgen-de-la-varga"],"jetpack_publicize_connections":[],"jetpack_featured_media_url":"http:\/\/www.caminoauceda.es\/ucedablog\/wp-content\/uploads\/2014\/05\/virgen-cab.png","jetpack_sharing_enabled":true,"jetpack_shortlink":"https:\/\/wp.me\/pbLHLN-9B","jetpack-related-posts":[],"jetpack_likes_enabled":true,"_links":{"self":[{"href":"http:\/\/www.caminoauceda.es\/index.php?rest_route=\/wp\/v2\/posts\/595"}],"collection":[{"href":"http:\/\/www.caminoauceda.es\/index.php?rest_route=\/wp\/v2\/posts"}],"about":[{"href":"http:\/\/www.caminoauceda.es\/index.php?rest_route=\/wp\/v2\/types\/post"}],"author":[{"embeddable":true,"href":"http:\/\/www.caminoauceda.es\/index.php?rest_route=\/wp\/v2\/users\/1"}],"replies":[{"embeddable":true,"href":"http:\/\/www.caminoauceda.es\/index.php?rest_route=%2Fwp%2Fv2%2Fcomments&post=595"}],"version-history":[{"count":31,"href":"http:\/\/www.caminoauceda.es\/index.php?rest_route=\/wp\/v2\/posts\/595\/revisions"}],"predecessor-version":[{"id":638,"href":"http:\/\/www.caminoauceda.es\/index.php?rest_route=\/wp\/v2\/posts\/595\/revisions\/638"}],"wp:featuredmedia":[{"embeddable":true,"href":"http:\/\/www.caminoauceda.es\/index.php?rest_route=\/wp\/v2\/media\/631"}],"wp:attachment":[{"href":"http:\/\/www.caminoauceda.es\/index.php?rest_route=%2Fwp%2Fv2%2Fmedia&parent=595"}],"wp:term":[{"taxonomy":"category","embeddable":true,"href":"http:\/\/www.caminoauceda.es\/index.php?rest_route=%2Fwp%2Fv2%2Fcategories&post=595"},{"taxonomy":"post_tag","embeddable":true,"href":"http:\/\/www.caminoauceda.es\/index.php?rest_route=%2Fwp%2Fv2%2Ftags&post=595"}],"curies":[{"name":"wp","href":"https:\/\/api.w.org\/{rel}","templated":true}]}}